{"id":6606,"date":"2024-06-10T16:49:05","date_gmt":"2024-06-10T14:49:05","guid":{"rendered":"https:\/\/www.realkon.de\/?p=6606"},"modified":"2024-07-02T11:30:36","modified_gmt":"2024-07-02T09:30:36","slug":"realkon-vermittelt-7-for-all-mankind-in-muenchens-toplage-theatinerstrasse","status":"publish","type":"post","link":"https:\/\/www.realkon.de\/en\/realkon-vermittelt-7-for-all-mankind-in-muenchens-toplage-theatinerstrasse\/","title":{"rendered":"Realkon vermittelt 7 for all Mankind in M\u00fcnchens Toplage Theatinerstra\u00dfe"},"content":{"rendered":"<p><strong>Realkon vermittelt 7 for all Mankind in M\u00fcnchens Toplage Theatinerstra\u00dfe<\/strong><\/p>\n<p>Das luxuri\u00f6se Denimlabel 7 for all Mankind hat Anfang Juni in der M\u00fcnchner Theatinerstra\u00dfe 35 auf rund 200 Quadratmetern ein neues Gesch\u00e4ft er\u00f6ffnet. Hier pr\u00e4sentiert das US-Label Jeansmode f\u00fcr die gesamte Menschheit \u2013getreu dem Markennamen und setzt seine Erfolgsgeschichte fort. Eigent\u00fcmer des Objektes ist ein gro\u00dfer institutioneller Anleger. Realkon hat diesen Deal vermittelt und freut sich f\u00fcr Eigent\u00fcmer und Mieter.<\/p>\n<p>&nbsp;<\/p>\n<p>Realkon mit Sitz in M\u00fcnchen z\u00e4hlt zu den f\u00fchrenden Spezialisten f\u00fcr Handelsimmobilien in Deutschland. Im Bereich Investment vermittelt das Unternehmen f\u00fcr seine Mandanten bundesweit Handels-, gewerbliche und wohnwirtschaftlich genutzte Immobilien. Im Bereich Vermietung konzentriert sich das von J\u00fcrgen Hartung und Dr. Andreas Klubert gef\u00fchrte Maklerunternehmen ausschlie\u00dflich auf die Vermittlung von Ladenlokalen in den Top-Lagen von Innenst\u00e4dten und Fu\u00dfg\u00e4ngerzonen im deutschsprachigen Raum, zuletzt auch in \u00d6sterreich und der Schweiz.<\/p>\n<p><strong>#Wir sind Retail.<\/strong><\/p>\n<p>&nbsp;<\/p>\n<p><a href=\"https:\/\/www.realkon.de\/\">www.realkon.de<\/a><br \/>\n<a href=\"http:\/\/www.7forallmankind.de\">www.7forallmankind.de<\/a><\/p>\n<p>&nbsp;<\/p>\n<p><strong>Pressekontakt<br \/>\n<\/strong>Realkon Immobilien GmbH<span class=\"Apple-converted-space\"><br \/>\n<\/span>Karin Osenberg<span class=\"Apple-converted-space\"><br \/>\n<\/span>Brienner Str. 46<span class=\"Apple-converted-space\"><br \/>\n<\/span>80333 M\u00fcnchen<span class=\"Apple-converted-space\"><br \/>\n<\/span><a href=\"mailto:presse@realkon.de\">presse@realkon.de<\/a><span class=\"Apple-converted-space\"><br \/>\n<\/span>089\/28805880<\/p>\n","protected":false},"excerpt":{"rendered":"<p>Realkon vermittelt 7 for all Mankind in M\u00fcnchens Toplage Theatinerstra\u00dfe Das luxuri\u00f6se Denimlabel 7 for all Mankind hat Anfang Juni in der M\u00fcnchner Theatinerstra\u00dfe 35 auf rund 200 Quadratmetern ein neues Gesch\u00e4ft er\u00f6ffnet. Hier pr\u00e4sentiert das US-Label Jeansmode f\u00fcr die gesamte Menschheit \u2013getreu dem Markennamen und setzt seine Erfolgsgeschichte fort. Eigent\u00fcmer des Objektes ist ein [&hellip;]<\/p>\n","protected":false},"author":4,"featured_media":0,"comment_status":"open","ping_status":"open","sticky":false,"template":"","format":"standard","meta":{"_acf_changed":false,"footnotes":""},"categories":[26],"tags":[],"class_list":["post-6606","post","type-post","status-publish","format-standard","hentry","category-news"],"acf":[],"_links":{"self":[{"href":"https:\/\/www.realkon.de\/en\/wp-json\/wp\/v2\/posts\/6606","targetHints":{"allow":["GET"]}}],"collection":[{"href":"https:\/\/www.realkon.de\/en\/wp-json\/wp\/v2\/posts"}],"about":[{"href":"https:\/\/www.realkon.de\/en\/wp-json\/wp\/v2\/types\/post"}],"author":[{"embeddable":true,"href":"https:\/\/www.realkon.de\/en\/wp-json\/wp\/v2\/users\/4"}],"replies":[{"embeddable":true,"href":"https:\/\/www.realkon.de\/en\/wp-json\/wp\/v2\/comments?post=6606"}],"version-history":[{"count":9,"href":"https:\/\/www.realkon.de\/en\/wp-json\/wp\/v2\/posts\/6606\/revisions"}],"predecessor-version":[{"id":6620,"href":"https:\/\/www.realkon.de\/en\/wp-json\/wp\/v2\/posts\/6606\/revisions\/6620"}],"wp:attachment":[{"href":"https:\/\/www.realkon.de\/en\/wp-json\/wp\/v2\/media?parent=6606"}],"wp:term":[{"taxonomy":"category","embeddable":true,"href":"https:\/\/www.realkon.de\/en\/wp-json\/wp\/v2\/categories?post=6606"},{"taxonomy":"post_tag","embeddable":true,"href":"https:\/\/www.realkon.de\/en\/wp-json\/wp\/v2\/tags?post=6606"}],"curies":[{"name":"wp","href":"https:\/\/api.w.org\/{rel}","templated":true}]}}