{"id":6276,"date":"2023-12-04T14:41:21","date_gmt":"2023-12-04T13:41:21","guid":{"rendered":"https:\/\/www.realkon.de\/?p=6276"},"modified":"2023-12-04T14:41:21","modified_gmt":"2023-12-04T13:41:21","slug":"realkon-vermittelt-le-creuset-auf-sendlinger-strasse-im-alleinauftrag","status":"publish","type":"post","link":"https:\/\/www.realkon.de\/en\/realkon-vermittelt-le-creuset-auf-sendlinger-strasse-im-alleinauftrag\/","title":{"rendered":"Realkon vermittelt Le Creuset auf Sendlinger Stra\u00dfe im Alleinauftrag"},"content":{"rendered":"<p><strong>Realkon vermittelt Le Creuset auf Sendlinger Stra\u00dfe im Alleinauftrag<\/strong><\/p>\n<p>Das fr\u00f6hliche franz\u00f6sische K\u00fcchengeschirr von Le Creuset ist ab dem Fr\u00fchjahr 2024 in der Sendlinger Stra\u00dfe 50-52 zuhause. Le Creuset folgt Vodafone als Mieter eines Family Office. Realkon freut sich f\u00fcr den Vermieter ebenso wie f\u00fcr das Traditionsunternehmen, vor allem bekannt f\u00fcr sein emailliertes Gusseisen-Kochgeschirr.<\/p>\n<p>&nbsp;<\/p>\n<p>Realkon mit Sitz in M\u00fcnchen z\u00e4hlt zu den f\u00fchrenden Spezialisten f\u00fcr Handelsimmobilien in Deutschland. Im Bereich Investment vermittelt das Unternehmen f\u00fcr seine Mandanten bundesweit Handels-, gewerbliche und wohnwirtschaftlich genutzte Immobilien. Im Bereich Vermietung konzentriert sich das von J\u00fcrgen Hartung und Dr. Andreas Klubert gef\u00fchrte Maklerunternehmen ausschlie\u00dflich auf die Vermittlung von Ladenlokalen in den Top-Lagen von Innenst\u00e4dten und Fu\u00dfg\u00e4ngerzonen im deutschsprachigen Raum, zuletzt auch in \u00d6sterreich und der Schweiz.<\/p>\n<p><strong>Wir sind Retail.<\/strong><\/p>\n<p>&nbsp;<\/p>\n<p><a href=\"https:\/\/www.realkon.de\/\">www.realkon.de<\/a><br \/>\n<a href=\"http:\/\/www.lecreuset.de\/\">www.lecreuset.de<\/a><\/p>\n<p>&nbsp;<\/p>\n<p><strong>Pressekontakt<br \/>\n<\/strong>Realkon Immobilien GmbH<span class=\"Apple-converted-space\"><br \/>\n<\/span>Karin Osenberg<span class=\"Apple-converted-space\"><br \/>\n<\/span>Brienner Str. 46<span class=\"Apple-converted-space\"><br \/>\n<\/span>80333 M\u00fcnchen<span class=\"Apple-converted-space\"><br \/>\n<\/span><a href=\"mailto:presse@realkon.de\">presse@realkon.de<\/a><span class=\"Apple-converted-space\"><br \/>\n<\/span>089\/28805880<\/p>\n","protected":false},"excerpt":{"rendered":"<p>Realkon vermittelt Le Creuset auf Sendlinger Stra\u00dfe im Alleinauftrag Das fr\u00f6hliche franz\u00f6sische K\u00fcchengeschirr von Le Creuset ist ab dem Fr\u00fchjahr 2024 in der Sendlinger Stra\u00dfe 50-52 zuhause. Le Creuset folgt Vodafone als Mieter eines Family Office. Realkon freut sich f\u00fcr den Vermieter ebenso wie f\u00fcr das Traditionsunternehmen, vor allem bekannt f\u00fcr sein emailliertes Gusseisen-Kochgeschirr. &nbsp; [&hellip;]<\/p>\n","protected":false},"author":1,"featured_media":0,"comment_status":"open","ping_status":"open","sticky":false,"template":"","format":"standard","meta":{"_acf_changed":false,"footnotes":""},"categories":[26],"tags":[],"class_list":["post-6276","post","type-post","status-publish","format-standard","hentry","category-news"],"acf":[],"_links":{"self":[{"href":"https:\/\/www.realkon.de\/en\/wp-json\/wp\/v2\/posts\/6276","targetHints":{"allow":["GET"]}}],"collection":[{"href":"https:\/\/www.realkon.de\/en\/wp-json\/wp\/v2\/posts"}],"about":[{"href":"https:\/\/www.realkon.de\/en\/wp-json\/wp\/v2\/types\/post"}],"author":[{"embeddable":true,"href":"https:\/\/www.realkon.de\/en\/wp-json\/wp\/v2\/users\/1"}],"replies":[{"embeddable":true,"href":"https:\/\/www.realkon.de\/en\/wp-json\/wp\/v2\/comments?post=6276"}],"version-history":[{"count":1,"href":"https:\/\/www.realkon.de\/en\/wp-json\/wp\/v2\/posts\/6276\/revisions"}],"predecessor-version":[{"id":6278,"href":"https:\/\/www.realkon.de\/en\/wp-json\/wp\/v2\/posts\/6276\/revisions\/6278"}],"wp:attachment":[{"href":"https:\/\/www.realkon.de\/en\/wp-json\/wp\/v2\/media?parent=6276"}],"wp:term":[{"taxonomy":"category","embeddable":true,"href":"https:\/\/www.realkon.de\/en\/wp-json\/wp\/v2\/categories?post=6276"},{"taxonomy":"post_tag","embeddable":true,"href":"https:\/\/www.realkon.de\/en\/wp-json\/wp\/v2\/tags?post=6276"}],"curies":[{"name":"wp","href":"https:\/\/api.w.org\/{rel}","templated":true}]}}