{"id":2168,"date":"2021-10-18T14:38:18","date_gmt":"2021-10-18T12:38:18","guid":{"rendered":"https:\/\/webtest-kleybor.de\/realkon\/?p=2168"},"modified":"2021-10-18T14:38:18","modified_gmt":"2021-10-18T12:38:18","slug":"realkon-vermittelt-ladenlokal-mit-rund-300-m%c2%b2-an-der-goethestrasse-in-frankfurt-an-modedesigner-philipp-plein","status":"publish","type":"post","link":"https:\/\/www.realkon.de\/en\/realkon-vermittelt-ladenlokal-mit-rund-300-m%c2%b2-an-der-goethestrasse-in-frankfurt-an-modedesigner-philipp-plein\/","title":{"rendered":"Realkon vermittelt Ladenlokal mit rund 300 m\u00b2 an der Goethestra\u00dfe in Frankfurt an Modedesigner Philipp Plein"},"content":{"rendered":"<p>Das bundesweit auf die Vermittlung von Gesch\u00e4ftsh\u00e4usern als Investment und Ladenlokalen zur Anmietung spezialisierte Maklerunternehmen Realkon Immobilien hat ein Ladenlokal an der Goethestra\u00dfe 2 in Frankfurt am Main in einem exklusiven Suchauftrag des Modedesigners an Philipp Plein vermittelt. Die Er\u00f6ffnung des neuen Stores in Frankfurt ist f\u00fcr den Jahreswechsel 2019\/2020 vorgesehen.<\/p>\n<p>Das Unternehmen sicherte sich ein Ladenlokal mit rund 300 Quadratmetern Mietfl\u00e4che \u00fcber drei Ebenen f\u00fcr die neue Repr\u00e4sentanz an der Frankfurter Goethestra\u00dfe, die als eine der st\u00e4rksten Luxusmeilen in Deutschland gilt. Vermieter der Immobilie ist ein Family Office. Realkon ist mit einem exklusiven Suchmandat f\u00fcr Philipp Plein in Deutschland ausgestattet und konnte bereits im vergangenen Jahr ein Ladenlokal an der Theatiner Stra\u00dfe in M\u00fcnchen an den Modedesigner vermitteln. Aktuell wird intensiv nach einem Standort f\u00fcr Philipp Plein in Berlin gesucht.<\/p>\n<p><strong>Phillip Plein<\/strong><\/p>\n<p>1998 begann der deutsche Designer Philipp Plein exklusive M\u00f6belst\u00fccke zu entwerfen; 2004 kam eine Street-Fashion-Kollektion hinzu. Sein erstes eigenes Gesch\u00e4ft er\u00f6ffnete er in der M\u00fcnchener Diskothek P1. Nach Ladener\u00f6ffnungen in Wien, Kitzb\u00fchel, Saint-Tropez, Cannes, Monte Carlo und Moskau er\u00f6ffnete Philipp Plein im April 2011 seine erste italienische Repr\u00e4sentanz in Versilia. Heute ist das Unternehmen mit Sitz in Lugano, Schweiz mit weltweit mehr als 100 Shops vertreten.<\/p>\n","protected":false},"excerpt":{"rendered":"<p>Das bundesweit auf die Vermittlung von Gesch\u00e4ftsh\u00e4usern als Investment und Ladenlokalen zur Anmietung spezialisierte Maklerunternehmen Realkon Immobilien hat ein Ladenlokal an der Goethestra\u00dfe 2 in Frankfurt am Main in einem exklusiven Suchauftrag des Modedesigners an Philipp Plein vermittelt. Die Er\u00f6ffnung des neuen Stores in Frankfurt ist f\u00fcr den Jahreswechsel 2019\/2020 vorgesehen. Das Unternehmen sicherte sich [&hellip;]<\/p>\n","protected":false},"author":1,"featured_media":0,"comment_status":"closed","ping_status":"closed","sticky":false,"template":"","format":"standard","meta":{"_acf_changed":false,"footnotes":""},"categories":[26],"tags":[],"class_list":["post-2168","post","type-post","status-publish","format-standard","hentry","category-news"],"acf":[],"_links":{"self":[{"href":"https:\/\/www.realkon.de\/en\/wp-json\/wp\/v2\/posts\/2168","targetHints":{"allow":["GET"]}}],"collection":[{"href":"https:\/\/www.realkon.de\/en\/wp-json\/wp\/v2\/posts"}],"about":[{"href":"https:\/\/www.realkon.de\/en\/wp-json\/wp\/v2\/types\/post"}],"author":[{"embeddable":true,"href":"https:\/\/www.realkon.de\/en\/wp-json\/wp\/v2\/users\/1"}],"replies":[{"embeddable":true,"href":"https:\/\/www.realkon.de\/en\/wp-json\/wp\/v2\/comments?post=2168"}],"version-history":[{"count":0,"href":"https:\/\/www.realkon.de\/en\/wp-json\/wp\/v2\/posts\/2168\/revisions"}],"wp:attachment":[{"href":"https:\/\/www.realkon.de\/en\/wp-json\/wp\/v2\/media?parent=2168"}],"wp:term":[{"taxonomy":"category","embeddable":true,"href":"https:\/\/www.realkon.de\/en\/wp-json\/wp\/v2\/categories?post=2168"},{"taxonomy":"post_tag","embeddable":true,"href":"https:\/\/www.realkon.de\/en\/wp-json\/wp\/v2\/tags?post=2168"}],"curies":[{"name":"wp","href":"https:\/\/api.w.org\/{rel}","templated":true}]}}