{"id":1226,"date":"2021-02-18T09:20:30","date_gmt":"2021-02-18T08:20:30","guid":{"rendered":"https:\/\/webtest-kleybor.de\/realkon\/?p=1226"},"modified":"2021-02-18T09:20:30","modified_gmt":"2021-02-18T08:20:30","slug":"san-francisco-coffee-company-zieht-in-den-laimer-wuerfel-in-muenchen","status":"publish","type":"post","link":"https:\/\/www.realkon.de\/en\/san-francisco-coffee-company-zieht-in-den-laimer-wuerfel-in-muenchen\/","title":{"rendered":"San Francisco Coffee Company zieht in den Laimer W\u00fcrfel in M\u00fcnchen"},"content":{"rendered":"<p>San Francisco Coffee Company hat ein weiteres Ladenlokal in M\u00fcnchen angemietet. Das Ladenlokal in dem von der HOCHTIEF Projektentwicklung GmbH entwickelten Objekt \u201eLaimer W\u00fcrfel\u201c in der Landsberger Stra\u00dfe \/ Wotanstra\u00dfe hat rund 210 qm Gesamtfl\u00e4che und wird voraussichtlich im Fr\u00fchjahr 2007 er\u00f6ffnet. Sowohl der Vermieter als auch der Mieter wurden vom Einzelhandelsspezialisten Realkon Immobilien aus M\u00fcnchen beraten.<\/p>\n","protected":false},"excerpt":{"rendered":"<p>San Francisco Coffee Company hat ein weiteres Ladenlokal in M\u00fcnchen angemietet. Das Ladenlokal in dem von der HOCHTIEF Projektentwicklung GmbH entwickelten Objekt \u201eLaimer W\u00fcrfel\u201c in der Landsberger Stra\u00dfe \/ Wotanstra\u00dfe hat rund 210 qm Gesamtfl\u00e4che und wird voraussichtlich im Fr\u00fchjahr 2007 er\u00f6ffnet. Sowohl der Vermieter als auch der Mieter wurden vom Einzelhandelsspezialisten Realkon Immobilien aus [&hellip;]<\/p>\n","protected":false},"author":1,"featured_media":0,"comment_status":"closed","ping_status":"closed","sticky":false,"template":"","format":"standard","meta":{"_acf_changed":false,"footnotes":""},"categories":[26],"tags":[],"class_list":["post-1226","post","type-post","status-publish","format-standard","hentry","category-news"],"acf":[],"_links":{"self":[{"href":"https:\/\/www.realkon.de\/en\/wp-json\/wp\/v2\/posts\/1226","targetHints":{"allow":["GET"]}}],"collection":[{"href":"https:\/\/www.realkon.de\/en\/wp-json\/wp\/v2\/posts"}],"about":[{"href":"https:\/\/www.realkon.de\/en\/wp-json\/wp\/v2\/types\/post"}],"author":[{"embeddable":true,"href":"https:\/\/www.realkon.de\/en\/wp-json\/wp\/v2\/users\/1"}],"replies":[{"embeddable":true,"href":"https:\/\/www.realkon.de\/en\/wp-json\/wp\/v2\/comments?post=1226"}],"version-history":[{"count":0,"href":"https:\/\/www.realkon.de\/en\/wp-json\/wp\/v2\/posts\/1226\/revisions"}],"wp:attachment":[{"href":"https:\/\/www.realkon.de\/en\/wp-json\/wp\/v2\/media?parent=1226"}],"wp:term":[{"taxonomy":"category","embeddable":true,"href":"https:\/\/www.realkon.de\/en\/wp-json\/wp\/v2\/categories?post=1226"},{"taxonomy":"post_tag","embeddable":true,"href":"https:\/\/www.realkon.de\/en\/wp-json\/wp\/v2\/tags?post=1226"}],"curies":[{"name":"wp","href":"https:\/\/api.w.org\/{rel}","templated":true}]}}